{"id":591,"date":"2023-03-24T08:48:11","date_gmt":"2023-03-24T08:48:11","guid":{"rendered":"https:\/\/www.consolatoseychelles.it\/DEMO\/?p=591"},"modified":"2023-03-24T08:58:10","modified_gmt":"2023-03-24T08:58:10","slug":"the-italian-general-h-consulate-of-the-seychelles-in-rome-sponsors-the-photo-exhibition-all-inclusive-welcome-to-seychelles-by-the-photographer-alessandro-asciutto","status":"publish","type":"post","link":"https:\/\/www.consolatoseychelles.it\/2023\/03\/24\/the-italian-general-h-consulate-of-the-seychelles-in-rome-sponsors-the-photo-exhibition-all-inclusive-welcome-to-seychelles-by-the-photographer-alessandro-asciutto\/","title":{"rendered":"The Italian General (h) Consulate of the Seychelles in Rome sponsors the photo exhibition \"All Inclusive welcome\u00a0to Seychelles\"\u00a0 by the photographer Alessandro Asciutto"},"content":{"rendered":"\n<p class=\"wp-block-paragraph\">Una mostra fotografica che \u00e8 anche un\u2019immersione insolita nelle isole Seychelles. Una rassegna che mette al centro i volti di chi ci abita e che rispecchiano al contempo la grande ricchezza culturale e folkloristica che caratterizza queste isole nel mezzo dell\u2019oceano indiano. Isole la cui bellezza naturalistica \u00e8 usata spesso come biglietto da visita per attirare e stimolare il viaggio verso quelle terre tanto sperdute quanto famose.<\/p>\n\n\n\n<p class=\"wp-block-paragraph\">Il titolo della mostra fa riferimento a un tipo di pacchetto in cui tutto \u00e8 compreso nel prezzo, dal viaggio, al pernottamento fino alle persone che ci vivono, ai loro sguardi. Questa scelta riflette l\u2019esperienza vissuta dal fotografo <strong>Alessandro Asciutto <\/strong>negli uffici di un tour operator, dove ha assimilato l\u2019estetica pubblicitaria dei luoghi turistici rappresentata sotto forma di cartoline, brochure e cataloghi nello stile patinato che caratterizza le sedi delle agenzie turistiche ormai sempre pi\u00f9 rare.<\/p>\n\n\n\n<p class=\"wp-block-paragraph\">Il pubblico viene accolto in un contesto di artificio <em>paradisiaque<\/em>, dove la linea guida viene dettata da Pessoa: \u201c<em>I viaggi sono i viaggiatori. Ci\u00f2 che vediamo non \u00e8 ci\u00f2 che vediamo, ma ci\u00f2 che siamo<\/em>.\u201c Lo spazio espositivo viene trasformato in un&#8217;agenzia di viaggio, un luogo di lavoro nel quale osservare a distanza ravvicinata le opere fotografiche ha la funzione di accendere il desiderio di essere trasportati altrove. Il lavoro di Alessandro Asciutto riflette sulla volatilit\u00e0 del turismo, sul rapporto tra arte e viaggio. La galleria d\u2019arte non \u00e8 pi\u00f9 uno spazio contemplativo ma un luogo di artificio in cui si \u00e8 stimolati a comprare un\u2019esperienza, il viaggio.<\/p>\n\n\n\n<figure class=\"wp-block-image size-large\"><img loading=\"lazy\" decoding=\"async\" width=\"717\" height=\"1024\" src=\"https:\/\/www.consolatoseychelles.it\/DEMO\/wp-content\/uploads\/2023\/03\/7f5c2583-f885-4128-a096-804fac93c4c6-717x1024.jpg\" alt=\"\" class=\"wp-image-592\" srcset=\"https:\/\/www.consolatoseychelles.it\/wp-content\/uploads\/2023\/03\/7f5c2583-f885-4128-a096-804fac93c4c6-717x1024.jpg 717w, https:\/\/www.consolatoseychelles.it\/wp-content\/uploads\/2023\/03\/7f5c2583-f885-4128-a096-804fac93c4c6-210x300.jpg 210w, https:\/\/www.consolatoseychelles.it\/wp-content\/uploads\/2023\/03\/7f5c2583-f885-4128-a096-804fac93c4c6-768x1097.jpg 768w, https:\/\/www.consolatoseychelles.it\/wp-content\/uploads\/2023\/03\/7f5c2583-f885-4128-a096-804fac93c4c6.jpg 800w\" sizes=\"auto, (max-width: 717px) 100vw, 717px\" \/><\/figure>\n\n\n\n<p class=\"wp-block-paragraph\">Alessandro Asciutto \u00e8 regista, fotografo e pubblicitario d\u2019origine argentina, nato e cresciuto ad Atene, poi trasferitosi tra Roma e Londra, nella quale si \u00e8 laureato in Management and International Business. Successivamente, sempre in Inghilterra, completa un Master in Marketing, mentre nel 2015 consegue un ulteriore Master in Filmmaking presso l\u2019Universit\u00e0 di Roma Tre. Nello stesso anno scrive e dirige il cortometraggio &#8216;Boccacce&#8217;, proiettato in diversi festival internazionali e dirige diversi spot pubblicitari. Nel 2016, al 73\u00b0 festival del cinema di Venezia, il suo cortometraggio \u2018La danza dell&#8217;amore\u2019 vince il premio Bookciak! Nello stesso periodo inizia la sua collaborazione con i musei: durante la permanenza al Macro sviluppa il documentario \u2018Roma Pop City\u2019 e crea uno spot per la Galleria Nazionale. In collaborazione con l\u2019artista greco Miltos Manetas crea un progetto di video arte al MAXXI. Nel 2018 inizia la produzione del documentario sulla balletstar Petra Conti. Nel 2020 il progetto di Virtual Reality \u2018Eva&amp;Eva\u2019 viene proiettato durante il festival di Venezia, dove la protagonista vince il premio Log to Green. Nel 2021 a Roma partecipa alla mostra collettiva <em>Realt\u00e0 Aumentate <\/em>presso Cappella Orsini. Nello stesso anno vince la residenza presso il Pigneto Film Festival in cui realizza il corto Delizia. Nel 2023, si trova nuovamente al Pigneto con questa mostra fotografica presso lo Studio DBF di Alberto di Fabio, celebre pittore romano.<\/p>\n\n\n\n<p class=\"wp-block-paragraph\"><\/p>\n\n\n\n<p class=\"wp-block-paragraph\"><strong>INFO Studio DFB<\/strong><\/p>\n\n\n\n<p class=\"wp-block-paragraph\">Via Raimondo Montecuccoli 28, Pigneto Roma<\/p>\n\n\n\n<p class=\"wp-block-paragraph\">Responsabile comunicazione: Angela Fiorella tel. 3476260358 email: infostudiodfb@gmail.com<br>Assistente curatore: Marija Flavia Di Biagio<\/p>\n\n\n\n<p class=\"wp-block-paragraph\">Instagram: <a href=\"https:\/\/www.instagram.com\/studiodfb\/\" target=\"_blank\" rel=\"noreferrer noopener\">https:\/\/www.instagram.com\/studiodfb\/<\/a> #studiodfb<\/p>\n\n\n\n<p class=\"wp-block-paragraph\"><strong>Orari<\/strong><\/p>\n\n\n\n<p class=\"wp-block-paragraph\">Entrata gratuita<br>Vernissage 31 marzo h 18:00-21:00 Finissage 20 aprile h 18:00-21:00<br>Visite su appuntamento +39.3498167686<\/p>\n","protected":false},"excerpt":{"rendered":"<p>Una mostra fotografica che \u00e8 anche un\u2019immersione insolita nelle isole Seychelles. Una rassegna che mette al centro i volti di chi ci abita e che rispecchiano al contempo la grande ricchezza culturale e folkloristica che caratterizza queste isole nel mezzo dell\u2019oceano indiano. Isole la cui bellezza naturalistica \u00e8 usata spesso come biglietto da visita per [&hellip;]<\/p>\n","protected":false},"author":1,"featured_media":592,"comment_status":"open","ping_status":"open","sticky":false,"template":"","format":"standard","meta":{"footnotes":""},"categories":[3],"tags":[],"class_list":["post-591","post","type-post","status-publish","format-standard","has-post-thumbnail","hentry","category-news"],"yoast_head":"<!-- This site is optimized with the Yoast SEO plugin v22.0 - https:\/\/yoast.com\/wordpress\/plugins\/seo\/ -->\n<title>The Italian General (h) Consulate of the Seychelles in Rome sponsors the photo exhibition &quot;All Inclusive welcome\u00a0to Seychelles&quot;\u00a0 by the photographer Alessandro Asciutto<\/title>\n<meta name=\"description\" content=\"Una mostra fotografica che \u00e8 anche un\u2019immersione insolita nelle isole Seychelles. Una rassegna che mette al centro i volti di chi ci abita e che rispecchiano al contempo la grande ricchezza culturale e folkloristica che caratterizza queste isole nel mezzo dell\u2019oceano indiano. Isole la cui bellezza naturalistica \u00e8 usata spesso come biglietto da visita per&hellip;\" \/>\n<meta name=\"robots\" content=\"index, follow, max-snippet:-1, max-image-preview:large, max-video-preview:-1\" \/>\n<link rel=\"canonical\" href=\"https:\/\/www.consolatoseychelles.it\/2023\/03\/24\/the-italian-general-h-consulate-of-the-seychelles-in-rome-sponsors-the-photo-exhibition-all-inclusive-welcome-to-seychelles-by-the-photographer-alessandro-asciutto\/\" \/>\n<meta property=\"og:locale\" content=\"it_IT\" \/>\n<meta property=\"og:type\" content=\"article\" \/>\n<meta property=\"og:title\" content=\"The Italian General (h) Consulate of the Seychelles in Rome sponsors the photo exhibition &quot;All Inclusive welcome\u00a0to Seychelles&quot;\u00a0 by the photographer Alessandro Asciutto\" \/>\n<meta property=\"og:description\" content=\"Una mostra fotografica che \u00e8 anche un\u2019immersione insolita nelle isole Seychelles. Una rassegna che mette al centro i volti di chi ci abita e che rispecchiano al contempo la grande ricchezza culturale e folkloristica che caratterizza queste isole nel mezzo dell\u2019oceano indiano. Isole la cui bellezza naturalistica \u00e8 usata spesso come biglietto da visita per&hellip;\" \/>\n<meta property=\"og:url\" content=\"https:\/\/www.consolatoseychelles.it\/2023\/03\/24\/the-italian-general-h-consulate-of-the-seychelles-in-rome-sponsors-the-photo-exhibition-all-inclusive-welcome-to-seychelles-by-the-photographer-alessandro-asciutto\/\" \/>\n<meta property=\"og:site_name\" content=\"Consolato Generale della Repubblica delle Seychelles a Roma\" \/>\n<meta property=\"article:published_time\" content=\"2023-03-24T08:48:11+00:00\" \/>\n<meta property=\"article:modified_time\" content=\"2023-03-24T08:58:10+00:00\" \/>\n<meta property=\"og:image\" content=\"https:\/\/www.consolatoseychelles.it\/wp-content\/uploads\/2023\/03\/7f5c2583-f885-4128-a096-804fac93c4c6.jpg\" \/>\n\t<meta property=\"og:image:width\" content=\"800\" \/>\n\t<meta property=\"og:image:height\" content=\"1143\" \/>\n\t<meta property=\"og:image:type\" content=\"image\/jpeg\" \/>\n<meta name=\"author\" content=\"curzio@trh.it\" \/>\n<meta name=\"twitter:card\" content=\"summary_large_image\" \/>\n<meta name=\"twitter:label1\" content=\"Scritto da\" \/>\n\t<meta name=\"twitter:data1\" content=\"curzio@trh.it\" \/>\n\t<meta name=\"twitter:label2\" content=\"Tempo di lettura stimato\" \/>\n\t<meta name=\"twitter:data2\" content=\"3 minuti\" \/>\n<script type=\"application\/ld+json\" class=\"yoast-schema-graph\">{\"@context\":\"https:\/\/schema.org\",\"@graph\":[{\"@type\":\"Article\",\"@id\":\"https:\/\/www.consolatoseychelles.it\/2023\/03\/24\/the-italian-general-h-consulate-of-the-seychelles-in-rome-sponsors-the-photo-exhibition-all-inclusive-welcome-to-seychelles-by-the-photographer-alessandro-asciutto\/#article\",\"isPartOf\":{\"@id\":\"https:\/\/www.consolatoseychelles.it\/2023\/03\/24\/the-italian-general-h-consulate-of-the-seychelles-in-rome-sponsors-the-photo-exhibition-all-inclusive-welcome-to-seychelles-by-the-photographer-alessandro-asciutto\/\"},\"author\":{\"name\":\"curzio@trh.it\",\"@id\":\"https:\/\/www.consolatoseychelles.it\/#\/schema\/person\/de4a76685ad3909aa50f1f774512186d\"},\"headline\":\"The Italian General (h) Consulate of the Seychelles in Rome sponsors the photo exhibition \\\"All Inclusive welcome\u00a0to Seychelles\\\"\u00a0 by the photographer Alessandro Asciutto\",\"datePublished\":\"2023-03-24T08:48:11+00:00\",\"dateModified\":\"2023-03-24T08:58:10+00:00\",\"mainEntityOfPage\":{\"@id\":\"https:\/\/www.consolatoseychelles.it\/2023\/03\/24\/the-italian-general-h-consulate-of-the-seychelles-in-rome-sponsors-the-photo-exhibition-all-inclusive-welcome-to-seychelles-by-the-photographer-alessandro-asciutto\/\"},\"wordCount\":535,\"commentCount\":0,\"publisher\":{\"@id\":\"https:\/\/www.consolatoseychelles.it\/#organization\"},\"articleSection\":[\"News\"],\"inLanguage\":\"it-IT\",\"potentialAction\":[{\"@type\":\"CommentAction\",\"name\":\"Comment\",\"target\":[\"https:\/\/www.consolatoseychelles.it\/2023\/03\/24\/the-italian-general-h-consulate-of-the-seychelles-in-rome-sponsors-the-photo-exhibition-all-inclusive-welcome-to-seychelles-by-the-photographer-alessandro-asciutto\/#respond\"]}]},{\"@type\":\"WebPage\",\"@id\":\"https:\/\/www.consolatoseychelles.it\/2023\/03\/24\/the-italian-general-h-consulate-of-the-seychelles-in-rome-sponsors-the-photo-exhibition-all-inclusive-welcome-to-seychelles-by-the-photographer-alessandro-asciutto\/\",\"url\":\"https:\/\/www.consolatoseychelles.it\/2023\/03\/24\/the-italian-general-h-consulate-of-the-seychelles-in-rome-sponsors-the-photo-exhibition-all-inclusive-welcome-to-seychelles-by-the-photographer-alessandro-asciutto\/\",\"name\":\"The Italian General (h) Consulate of the Seychelles in Rome sponsors the photo exhibition \\\"All Inclusive welcome\u00a0to Seychelles\\\"\u00a0 by the photographer Alessandro Asciutto - Consolato Generale della Repubblica delle Seychelles a Roma\",\"isPartOf\":{\"@id\":\"https:\/\/www.consolatoseychelles.it\/#website\"},\"datePublished\":\"2023-03-24T08:48:11+00:00\",\"dateModified\":\"2023-03-24T08:58:10+00:00\",\"breadcrumb\":{\"@id\":\"https:\/\/www.consolatoseychelles.it\/2023\/03\/24\/the-italian-general-h-consulate-of-the-seychelles-in-rome-sponsors-the-photo-exhibition-all-inclusive-welcome-to-seychelles-by-the-photographer-alessandro-asciutto\/#breadcrumb\"},\"inLanguage\":\"it-IT\",\"potentialAction\":[{\"@type\":\"ReadAction\",\"target\":[\"https:\/\/www.consolatoseychelles.it\/2023\/03\/24\/the-italian-general-h-consulate-of-the-seychelles-in-rome-sponsors-the-photo-exhibition-all-inclusive-welcome-to-seychelles-by-the-photographer-alessandro-asciutto\/\"]}]},{\"@type\":\"BreadcrumbList\",\"@id\":\"https:\/\/www.consolatoseychelles.it\/2023\/03\/24\/the-italian-general-h-consulate-of-the-seychelles-in-rome-sponsors-the-photo-exhibition-all-inclusive-welcome-to-seychelles-by-the-photographer-alessandro-asciutto\/#breadcrumb\",\"itemListElement\":[{\"@type\":\"ListItem\",\"position\":1,\"name\":\"Home\",\"item\":\"https:\/\/www.consolatoseychelles.it\/\"},{\"@type\":\"ListItem\",\"position\":2,\"name\":\"The Italian General (h) Consulate of the Seychelles in Rome sponsors the photo exhibition \\\"All Inclusive welcome\u00a0to Seychelles\\\"\u00a0 by the photographer Alessandro Asciutto\"}]},{\"@type\":\"WebSite\",\"@id\":\"https:\/\/www.consolatoseychelles.it\/#website\",\"url\":\"https:\/\/www.consolatoseychelles.it\/\",\"name\":\"Consolato Generale della Repubblica delle Seychelles a Roma\",\"description\":\"Like Seychelles, Seychelles only!\",\"publisher\":{\"@id\":\"https:\/\/www.consolatoseychelles.it\/#organization\"},\"potentialAction\":[{\"@type\":\"SearchAction\",\"target\":{\"@type\":\"EntryPoint\",\"urlTemplate\":\"https:\/\/www.consolatoseychelles.it\/?s={search_term_string}\"},\"query-input\":\"required name=search_term_string\"}],\"inLanguage\":\"it-IT\"},{\"@type\":\"Organization\",\"@id\":\"https:\/\/www.consolatoseychelles.it\/#organization\",\"name\":\"Consolato Generale della Repubblica delle Seychelles a Roma\",\"url\":\"https:\/\/www.consolatoseychelles.it\/\",\"logo\":{\"@type\":\"ImageObject\",\"inLanguage\":\"it-IT\",\"@id\":\"https:\/\/www.consolatoseychelles.it\/#\/schema\/logo\/image\/\",\"url\":\"https:\/\/www.consolatoseychelles.it\/wp-content\/uploads\/2023\/02\/consolato_seychelles_logo.png\",\"contentUrl\":\"https:\/\/www.consolatoseychelles.it\/wp-content\/uploads\/2023\/02\/consolato_seychelles_logo.png\",\"width\":450,\"height\":450,\"caption\":\"Consolato Generale della Repubblica delle Seychelles a Roma\"},\"image\":{\"@id\":\"https:\/\/www.consolatoseychelles.it\/#\/schema\/logo\/image\/\"}},{\"@type\":\"Person\",\"@id\":\"https:\/\/www.consolatoseychelles.it\/#\/schema\/person\/de4a76685ad3909aa50f1f774512186d\",\"name\":\"curzio@trh.it\",\"image\":{\"@type\":\"ImageObject\",\"inLanguage\":\"it-IT\",\"@id\":\"https:\/\/www.consolatoseychelles.it\/#\/schema\/person\/image\/\",\"url\":\"https:\/\/secure.gravatar.com\/avatar\/274d8ada40d2c151bba5be3fbf463c89baa2a76c422c8766cea4808c863ae9b8?s=96&d=mm&r=g\",\"contentUrl\":\"https:\/\/secure.gravatar.com\/avatar\/274d8ada40d2c151bba5be3fbf463c89baa2a76c422c8766cea4808c863ae9b8?s=96&d=mm&r=g\",\"caption\":\"curzio@trh.it\"},\"sameAs\":[\"https:\/\/www.consolatoseychelles.it\/DEMO\"],\"url\":\"https:\/\/www.consolatoseychelles.it\/author\/curziotrh-it\/\"}]}<\/script>\n<!-- \/ Yoast SEO plugin. -->","yoast_head_json":{"title":"The Italian General (h) Consulate of the Seychelles in Rome sponsors the photo exhibition \"All Inclusive welcome\u00a0to Seychelles\"\u00a0 by the photographer Alessandro Asciutto","description":"Una mostra fotografica che \u00e8 anche un\u2019immersione insolita nelle isole Seychelles. Una rassegna che mette al centro i volti di chi ci abita e che rispecchiano al contempo la grande ricchezza culturale e folkloristica che caratterizza queste isole nel mezzo dell\u2019oceano indiano. Isole la cui bellezza naturalistica \u00e8 usata spesso come biglietto da visita per&hellip;","robots":{"index":"index","follow":"follow","max-snippet":"max-snippet:-1","max-image-preview":"max-image-preview:large","max-video-preview":"max-video-preview:-1"},"canonical":"https:\/\/www.consolatoseychelles.it\/2023\/03\/24\/the-italian-general-h-consulate-of-the-seychelles-in-rome-sponsors-the-photo-exhibition-all-inclusive-welcome-to-seychelles-by-the-photographer-alessandro-asciutto\/","og_locale":"it_IT","og_type":"article","og_title":"The Italian General (h) Consulate of the Seychelles in Rome sponsors the photo exhibition \"All Inclusive welcome\u00a0to Seychelles\"\u00a0 by the photographer Alessandro Asciutto","og_description":"Una mostra fotografica che \u00e8 anche un\u2019immersione insolita nelle isole Seychelles. Una rassegna che mette al centro i volti di chi ci abita e che rispecchiano al contempo la grande ricchezza culturale e folkloristica che caratterizza queste isole nel mezzo dell\u2019oceano indiano. Isole la cui bellezza naturalistica \u00e8 usata spesso come biglietto da visita per&hellip;","og_url":"https:\/\/www.consolatoseychelles.it\/2023\/03\/24\/the-italian-general-h-consulate-of-the-seychelles-in-rome-sponsors-the-photo-exhibition-all-inclusive-welcome-to-seychelles-by-the-photographer-alessandro-asciutto\/","og_site_name":"Consolato Generale della Repubblica delle Seychelles a Roma","article_published_time":"2023-03-24T08:48:11+00:00","article_modified_time":"2023-03-24T08:58:10+00:00","og_image":[{"width":800,"height":1143,"url":"https:\/\/www.consolatoseychelles.it\/wp-content\/uploads\/2023\/03\/7f5c2583-f885-4128-a096-804fac93c4c6.jpg","type":"image\/jpeg"}],"author":"curzio@trh.it","twitter_card":"summary_large_image","twitter_misc":{"Scritto da":"curzio@trh.it","Tempo di lettura stimato":"3 minuti"},"schema":{"@context":"https:\/\/schema.org","@graph":[{"@type":"Article","@id":"https:\/\/www.consolatoseychelles.it\/2023\/03\/24\/the-italian-general-h-consulate-of-the-seychelles-in-rome-sponsors-the-photo-exhibition-all-inclusive-welcome-to-seychelles-by-the-photographer-alessandro-asciutto\/#article","isPartOf":{"@id":"https:\/\/www.consolatoseychelles.it\/2023\/03\/24\/the-italian-general-h-consulate-of-the-seychelles-in-rome-sponsors-the-photo-exhibition-all-inclusive-welcome-to-seychelles-by-the-photographer-alessandro-asciutto\/"},"author":{"name":"curzio@trh.it","@id":"https:\/\/www.consolatoseychelles.it\/#\/schema\/person\/de4a76685ad3909aa50f1f774512186d"},"headline":"The Italian General (h) Consulate of the Seychelles in Rome sponsors the photo exhibition \"All Inclusive welcome\u00a0to Seychelles\"\u00a0 by the photographer Alessandro Asciutto","datePublished":"2023-03-24T08:48:11+00:00","dateModified":"2023-03-24T08:58:10+00:00","mainEntityOfPage":{"@id":"https:\/\/www.consolatoseychelles.it\/2023\/03\/24\/the-italian-general-h-consulate-of-the-seychelles-in-rome-sponsors-the-photo-exhibition-all-inclusive-welcome-to-seychelles-by-the-photographer-alessandro-asciutto\/"},"wordCount":535,"commentCount":0,"publisher":{"@id":"https:\/\/www.consolatoseychelles.it\/#organization"},"articleSection":["News"],"inLanguage":"it-IT","potentialAction":[{"@type":"CommentAction","name":"Comment","target":["https:\/\/www.consolatoseychelles.it\/2023\/03\/24\/the-italian-general-h-consulate-of-the-seychelles-in-rome-sponsors-the-photo-exhibition-all-inclusive-welcome-to-seychelles-by-the-photographer-alessandro-asciutto\/#respond"]}]},{"@type":"WebPage","@id":"https:\/\/www.consolatoseychelles.it\/2023\/03\/24\/the-italian-general-h-consulate-of-the-seychelles-in-rome-sponsors-the-photo-exhibition-all-inclusive-welcome-to-seychelles-by-the-photographer-alessandro-asciutto\/","url":"https:\/\/www.consolatoseychelles.it\/2023\/03\/24\/the-italian-general-h-consulate-of-the-seychelles-in-rome-sponsors-the-photo-exhibition-all-inclusive-welcome-to-seychelles-by-the-photographer-alessandro-asciutto\/","name":"The Italian General (h) Consulate of the Seychelles in Rome sponsors the photo exhibition \"All Inclusive welcome\u00a0to Seychelles\"\u00a0 by the photographer Alessandro Asciutto - Consolato Generale della Repubblica delle Seychelles a Roma","isPartOf":{"@id":"https:\/\/www.consolatoseychelles.it\/#website"},"datePublished":"2023-03-24T08:48:11+00:00","dateModified":"2023-03-24T08:58:10+00:00","breadcrumb":{"@id":"https:\/\/www.consolatoseychelles.it\/2023\/03\/24\/the-italian-general-h-consulate-of-the-seychelles-in-rome-sponsors-the-photo-exhibition-all-inclusive-welcome-to-seychelles-by-the-photographer-alessandro-asciutto\/#breadcrumb"},"inLanguage":"it-IT","potentialAction":[{"@type":"ReadAction","target":["https:\/\/www.consolatoseychelles.it\/2023\/03\/24\/the-italian-general-h-consulate-of-the-seychelles-in-rome-sponsors-the-photo-exhibition-all-inclusive-welcome-to-seychelles-by-the-photographer-alessandro-asciutto\/"]}]},{"@type":"BreadcrumbList","@id":"https:\/\/www.consolatoseychelles.it\/2023\/03\/24\/the-italian-general-h-consulate-of-the-seychelles-in-rome-sponsors-the-photo-exhibition-all-inclusive-welcome-to-seychelles-by-the-photographer-alessandro-asciutto\/#breadcrumb","itemListElement":[{"@type":"ListItem","position":1,"name":"Home","item":"https:\/\/www.consolatoseychelles.it\/"},{"@type":"ListItem","position":2,"name":"The Italian General (h) Consulate of the Seychelles in Rome sponsors the photo exhibition \"All Inclusive welcome\u00a0to Seychelles\"\u00a0 by the photographer Alessandro Asciutto"}]},{"@type":"WebSite","@id":"https:\/\/www.consolatoseychelles.it\/#website","url":"https:\/\/www.consolatoseychelles.it\/","name":"Consolato Generale della Repubblica delle Seychelles a Roma","description":"Like Seychelles, Seychelles only!","publisher":{"@id":"https:\/\/www.consolatoseychelles.it\/#organization"},"potentialAction":[{"@type":"SearchAction","target":{"@type":"EntryPoint","urlTemplate":"https:\/\/www.consolatoseychelles.it\/?s={search_term_string}"},"query-input":"required name=search_term_string"}],"inLanguage":"it-IT"},{"@type":"Organization","@id":"https:\/\/www.consolatoseychelles.it\/#organization","name":"Consolato Generale della Repubblica delle Seychelles a Roma","url":"https:\/\/www.consolatoseychelles.it\/","logo":{"@type":"ImageObject","inLanguage":"it-IT","@id":"https:\/\/www.consolatoseychelles.it\/#\/schema\/logo\/image\/","url":"https:\/\/www.consolatoseychelles.it\/wp-content\/uploads\/2023\/02\/consolato_seychelles_logo.png","contentUrl":"https:\/\/www.consolatoseychelles.it\/wp-content\/uploads\/2023\/02\/consolato_seychelles_logo.png","width":450,"height":450,"caption":"Consolato Generale della Repubblica delle Seychelles a Roma"},"image":{"@id":"https:\/\/www.consolatoseychelles.it\/#\/schema\/logo\/image\/"}},{"@type":"Person","@id":"https:\/\/www.consolatoseychelles.it\/#\/schema\/person\/de4a76685ad3909aa50f1f774512186d","name":"curzio@trh.it","image":{"@type":"ImageObject","inLanguage":"it-IT","@id":"https:\/\/www.consolatoseychelles.it\/#\/schema\/person\/image\/","url":"https:\/\/secure.gravatar.com\/avatar\/274d8ada40d2c151bba5be3fbf463c89baa2a76c422c8766cea4808c863ae9b8?s=96&d=mm&r=g","contentUrl":"https:\/\/secure.gravatar.com\/avatar\/274d8ada40d2c151bba5be3fbf463c89baa2a76c422c8766cea4808c863ae9b8?s=96&d=mm&r=g","caption":"curzio@trh.it"},"sameAs":["https:\/\/www.consolatoseychelles.it\/DEMO"],"url":"https:\/\/www.consolatoseychelles.it\/author\/curziotrh-it\/"}]}},"_links":{"self":[{"href":"https:\/\/www.consolatoseychelles.it\/wp-json\/wp\/v2\/posts\/591","targetHints":{"allow":["GET"]}}],"collection":[{"href":"https:\/\/www.consolatoseychelles.it\/wp-json\/wp\/v2\/posts"}],"about":[{"href":"https:\/\/www.consolatoseychelles.it\/wp-json\/wp\/v2\/types\/post"}],"author":[{"embeddable":true,"href":"https:\/\/www.consolatoseychelles.it\/wp-json\/wp\/v2\/users\/1"}],"replies":[{"embeddable":true,"href":"https:\/\/www.consolatoseychelles.it\/wp-json\/wp\/v2\/comments?post=591"}],"version-history":[{"count":4,"href":"https:\/\/www.consolatoseychelles.it\/wp-json\/wp\/v2\/posts\/591\/revisions"}],"predecessor-version":[{"id":597,"href":"https:\/\/www.consolatoseychelles.it\/wp-json\/wp\/v2\/posts\/591\/revisions\/597"}],"wp:featuredmedia":[{"embeddable":true,"href":"https:\/\/www.consolatoseychelles.it\/wp-json\/wp\/v2\/media\/592"}],"wp:attachment":[{"href":"https:\/\/www.consolatoseychelles.it\/wp-json\/wp\/v2\/media?parent=591"}],"wp:term":[{"taxonomy":"category","embeddable":true,"href":"https:\/\/www.consolatoseychelles.it\/wp-json\/wp\/v2\/categories?post=591"},{"taxonomy":"post_tag","embeddable":true,"href":"https:\/\/www.consolatoseychelles.it\/wp-json\/wp\/v2\/tags?post=591"}],"curies":[{"name":"wp","href":"https:\/\/api.w.org\/{rel}","templated":true}]}}